{"id":4518,"date":"2022-07-25T14:37:21","date_gmt":"2022-07-25T17:37:21","guid":{"rendered":"https:\/\/serstella.com.br\/site\/?p=4518"},"modified":"2022-07-25T17:32:52","modified_gmt":"2022-07-25T20:32:52","slug":"matriculas-abertas-para-contraturno","status":"publish","type":"post","link":"https:\/\/serstella.com.br\/site\/2022\/07\/25\/matriculas-abertas-para-contraturno\/","title":{"rendered":"Matr\u00edculas abertas para contraturno"},"content":{"rendered":"[et_pb_section admin_label=&#8221;section&#8221;]\n\t\t\t[et_pb_row admin_label=&#8221;row&#8221;]\n\t\t\t\t[et_pb_column type=&#8221;4_4&#8243;][et_pb_text admin_label=&#8221;Text&#8221;]\n<p>Tem curiosidade sobre nossa metodologia? Faz sentido muita coisa que praticamos e dizemos, mas ainda sente que pode ser muito diferente de tudo que j\u00e1 pensou e v\u00ea por a\u00ed? O contra-turno funciona no per\u00edodo da tarde, das 13h \u00e0s 18h, e pode incluir atividades extras como m\u00fasica, dan\u00e7a, ingl\u00eas e muito mais. <\/p>\n\n\n\n<p>\u00c9 um espa\u00e7o totalmente dedicado \u00e0 liberdade vinculado \u00e0 nossa pedagogia, com muitas brincadeiras, espa\u00e7os, companhia e mais oportunidades de est\u00edmulo! Tudo isso para que as crian\u00e7as possam ser elas mesmas, com aten\u00e7\u00e3o, divers\u00e3o e aprendizagem.<\/p>\n\n\n\n<p>Aceitamos crian\u00e7as de 1 a 4 anos que ainda n\u00e3o est\u00e3o matriculadas em escolas regulares, ou entre 4 e 8 anos devidamente matriculadas em escola regular no per\u00edodo da manh\u00e3.<\/p>\n\n\n\n<p><\/p>\n[\/et_pb_text][\/et_pb_column]\n\t\t\t[\/et_pb_row]\n\t\t[\/et_pb_section]","protected":false},"excerpt":{"rendered":"<p>Tem curiosidade sobre nossa metodologia? Faz sentido muita coisa que praticamos e dizemos, mas ainda sente que pode ser muito diferente de tudo que j\u00e1 pensou e v\u00ea por a\u00ed? O contra-turno funciona no per\u00edodo da tarde, das 13h \u00e0s 18h, e pode incluir atividades extras como m\u00fasica, dan\u00e7a, ingl\u00eas e muito mais. \u00c9 um [&hellip;]<\/p>\n","protected":false},"author":1,"featured_media":4263,"comment_status":"closed","ping_status":"closed","sticky":false,"template":"","format":"standard","meta":{"_et_pb_use_builder":"on","_et_pb_old_content":"<!-- wp:paragraph -->\n<p>Tem curiosidade sobre nossa metodologia? Faz sentido muita coisa que praticamos e dizemos, mas ainda sente que pode ser muito diferente de tudo que j\u00e1 pensou e v\u00ea por a\u00ed? O contra-turno funciona no per\u00edodo da tarde, das 13h \u00e0s 18h, e pode incluir atividades extras como m\u00fasica, dan\u00e7a, ingl\u00eas e muito mais. <\/p>\n<!-- \/wp:paragraph -->\n\n<!-- wp:paragraph -->\n<p>\u00c9 um espa\u00e7o totalmente dedicado \u00e0 liberdade vinculado \u00e0 nossa pedagogia, com muitas brincadeiras, espa\u00e7os, companhia e mais oportunidades de est\u00edmulo! Tudo isso para que as crian\u00e7as possam ser elas mesmas, com aten\u00e7\u00e3o, divers\u00e3o e aprendizagem.<\/p>\n<!-- \/wp:paragraph -->\n\n<!-- wp:paragraph -->\n<p>Aceitamos crian\u00e7as de 1 a 4 anos que ainda n\u00e3o est\u00e3o matriculadas em escolas regulares, ou entre 4 e 8 anos devidamente matriculadas em escola regular no per\u00edodo da manh\u00e3.<\/p>\n<!-- \/wp:paragraph -->\n\n<!-- wp:paragraph -->\n<p><\/p>\n<!-- \/wp:paragraph -->","_et_gb_content_width":"","_mi_skip_tracking":false,"footnotes":""},"categories":[12,13],"tags":[],"class_list":["post-4518","post","type-post","status-publish","format-standard","has-post-thumbnail","hentry","category-administrativo","category-destaque"],"yoast_head":"<!-- This site is optimized with the Yoast SEO Premium plugin v18.4 (Yoast SEO v27.5) - https:\/\/yoast.com\/product\/yoast-seo-premium-wordpress\/ -->\n<title>Matr\u00edculas abertas para contraturno - Ser Stella<\/title>\n<meta name=\"description\" content=\"Matr\u00edculas abertas para segundo semestre 2022 no contraturno no per\u00edodo da tarde, das 13h\u00e0s 18h. Entre em contato (12) 99684-3385\" \/>\n<meta name=\"robots\" content=\"index, follow, max-snippet:-1, max-image-preview:large, max-video-preview:-1\" \/>\n<link rel=\"canonical\" href=\"https:\/\/serstella.com.br\/site\/2022\/07\/25\/matriculas-abertas-para-contraturno\/\" \/>\n<meta property=\"og:locale\" content=\"pt_PT\" \/>\n<meta property=\"og:type\" content=\"article\" \/>\n<meta property=\"og:title\" content=\"Matr\u00edculas abertas para contraturno\" \/>\n<meta property=\"og:description\" content=\"Matr\u00edculas abertas para segundo semestre 2022 no contraturno no per\u00edodo da tarde, das 13h\u00e0s 18h. Entre em contato (12) 99684-3385\" \/>\n<meta property=\"og:url\" content=\"https:\/\/serstella.com.br\/site\/2022\/07\/25\/matriculas-abertas-para-contraturno\/\" \/>\n<meta property=\"og:site_name\" content=\"Ser Stella\" \/>\n<meta property=\"article:publisher\" content=\"https:\/\/www.facebook.com\/ser.stella.educ\/\" \/>\n<meta property=\"article:published_time\" content=\"2022-07-25T17:37:21+00:00\" \/>\n<meta property=\"article:modified_time\" content=\"2022-07-25T20:32:52+00:00\" \/>\n<meta property=\"og:image\" content=\"https:\/\/serstella.com.br\/site\/wp-content\/uploads\/2022\/06\/PHOTO-2020-12-02-17-21-08.jpg\" \/>\n\t<meta property=\"og:image:width\" content=\"960\" \/>\n\t<meta property=\"og:image:height\" content=\"1280\" \/>\n\t<meta property=\"og:image:type\" content=\"image\/jpeg\" \/>\n<meta name=\"author\" content=\"Ser Stella\" \/>\n<meta name=\"twitter:card\" content=\"summary_large_image\" \/>\n<meta name=\"twitter:label1\" content=\"Escrito por\" \/>\n\t<meta name=\"twitter:data1\" content=\"Ser Stella\" \/>\n\t<meta name=\"twitter:label2\" content=\"Tempo estimado de leitura\" \/>\n\t<meta name=\"twitter:data2\" content=\"1 minuto\" \/>\n<script type=\"application\/ld+json\" class=\"yoast-schema-graph\">{\"@context\":\"https:\\\/\\\/schema.org\",\"@graph\":[{\"@type\":\"Article\",\"@id\":\"https:\\\/\\\/serstella.com.br\\\/site\\\/2022\\\/07\\\/25\\\/matriculas-abertas-para-contraturno\\\/#article\",\"isPartOf\":{\"@id\":\"https:\\\/\\\/serstella.com.br\\\/site\\\/2022\\\/07\\\/25\\\/matriculas-abertas-para-contraturno\\\/\"},\"author\":{\"name\":\"Ser Stella\",\"@id\":\"https:\\\/\\\/serstella.com.br\\\/site\\\/#\\\/schema\\\/person\\\/3105caf4e7d4533526ba9a872ef84078\"},\"headline\":\"Matr\u00edculas abertas para contraturno\",\"datePublished\":\"2022-07-25T17:37:21+00:00\",\"dateModified\":\"2022-07-25T20:32:52+00:00\",\"mainEntityOfPage\":{\"@id\":\"https:\\\/\\\/serstella.com.br\\\/site\\\/2022\\\/07\\\/25\\\/matriculas-abertas-para-contraturno\\\/\"},\"wordCount\":165,\"publisher\":{\"@id\":\"https:\\\/\\\/serstella.com.br\\\/site\\\/#organization\"},\"image\":{\"@id\":\"https:\\\/\\\/serstella.com.br\\\/site\\\/2022\\\/07\\\/25\\\/matriculas-abertas-para-contraturno\\\/#primaryimage\"},\"thumbnailUrl\":\"https:\\\/\\\/serstella.com.br\\\/site\\\/wp-content\\\/uploads\\\/2022\\\/06\\\/PHOTO-2020-12-02-17-21-08.jpg\",\"articleSection\":[\"Administrativo\",\"Destaque\"],\"inLanguage\":\"pt-PT\",\"copyrightYear\":\"2022\",\"copyrightHolder\":{\"@id\":\"https:\\\/\\\/serstella.com.br\\\/site\\\/#organization\"}},{\"@type\":\"WebPage\",\"@id\":\"https:\\\/\\\/serstella.com.br\\\/site\\\/2022\\\/07\\\/25\\\/matriculas-abertas-para-contraturno\\\/\",\"url\":\"https:\\\/\\\/serstella.com.br\\\/site\\\/2022\\\/07\\\/25\\\/matriculas-abertas-para-contraturno\\\/\",\"name\":\"Matr\u00edculas abertas para contraturno - Ser Stella\",\"isPartOf\":{\"@id\":\"https:\\\/\\\/serstella.com.br\\\/site\\\/#website\"},\"primaryImageOfPage\":{\"@id\":\"https:\\\/\\\/serstella.com.br\\\/site\\\/2022\\\/07\\\/25\\\/matriculas-abertas-para-contraturno\\\/#primaryimage\"},\"image\":{\"@id\":\"https:\\\/\\\/serstella.com.br\\\/site\\\/2022\\\/07\\\/25\\\/matriculas-abertas-para-contraturno\\\/#primaryimage\"},\"thumbnailUrl\":\"https:\\\/\\\/serstella.com.br\\\/site\\\/wp-content\\\/uploads\\\/2022\\\/06\\\/PHOTO-2020-12-02-17-21-08.jpg\",\"datePublished\":\"2022-07-25T17:37:21+00:00\",\"dateModified\":\"2022-07-25T20:32:52+00:00\",\"description\":\"Matr\u00edculas abertas para segundo semestre 2022 no contraturno no per\u00edodo da tarde, das 13h\u00e0s 18h. Entre em contato (12) 99684-3385\",\"breadcrumb\":{\"@id\":\"https:\\\/\\\/serstella.com.br\\\/site\\\/2022\\\/07\\\/25\\\/matriculas-abertas-para-contraturno\\\/#breadcrumb\"},\"inLanguage\":\"pt-PT\",\"potentialAction\":[{\"@type\":\"ReadAction\",\"target\":[\"https:\\\/\\\/serstella.com.br\\\/site\\\/2022\\\/07\\\/25\\\/matriculas-abertas-para-contraturno\\\/\"]}]},{\"@type\":\"ImageObject\",\"inLanguage\":\"pt-PT\",\"@id\":\"https:\\\/\\\/serstella.com.br\\\/site\\\/2022\\\/07\\\/25\\\/matriculas-abertas-para-contraturno\\\/#primaryimage\",\"url\":\"https:\\\/\\\/serstella.com.br\\\/site\\\/wp-content\\\/uploads\\\/2022\\\/06\\\/PHOTO-2020-12-02-17-21-08.jpg\",\"contentUrl\":\"https:\\\/\\\/serstella.com.br\\\/site\\\/wp-content\\\/uploads\\\/2022\\\/06\\\/PHOTO-2020-12-02-17-21-08.jpg\",\"width\":960,\"height\":1280,\"caption\":\"Crian\u00e7as brincando entre pneus e banco de areia\"},{\"@type\":\"BreadcrumbList\",\"@id\":\"https:\\\/\\\/serstella.com.br\\\/site\\\/2022\\\/07\\\/25\\\/matriculas-abertas-para-contraturno\\\/#breadcrumb\",\"itemListElement\":[{\"@type\":\"ListItem\",\"position\":1,\"name\":\"Home\",\"item\":\"https:\\\/\\\/serstella.com.br\\\/site\\\/\"},{\"@type\":\"ListItem\",\"position\":2,\"name\":\"Matr\u00edculas abertas para contraturno\"}]},{\"@type\":\"WebSite\",\"@id\":\"https:\\\/\\\/serstella.com.br\\\/site\\\/#website\",\"url\":\"https:\\\/\\\/serstella.com.br\\\/site\\\/\",\"name\":\"Centro Educacional Ser Stella\",\"description\":\"Site oficial da Escola Ser Stella, localizada em Lorena, SP. Da Educa\u00e7\u00e3o Infantil ao Ensino Fundamental I.\",\"publisher\":{\"@id\":\"https:\\\/\\\/serstella.com.br\\\/site\\\/#organization\"},\"alternateName\":\"Ser Stella\",\"potentialAction\":[{\"@type\":\"SearchAction\",\"target\":{\"@type\":\"EntryPoint\",\"urlTemplate\":\"https:\\\/\\\/serstella.com.br\\\/site\\\/?s={search_term_string}\"},\"query-input\":{\"@type\":\"PropertyValueSpecification\",\"valueRequired\":true,\"valueName\":\"search_term_string\"}}],\"inLanguage\":\"pt-PT\"},{\"@type\":[\"Organization\",\"Place\"],\"@id\":\"https:\\\/\\\/serstella.com.br\\\/site\\\/#organization\",\"name\":\"Centro Educacional Ser Stella\",\"url\":\"https:\\\/\\\/serstella.com.br\\\/site\\\/\",\"logo\":{\"@id\":\"https:\\\/\\\/serstella.com.br\\\/site\\\/2022\\\/07\\\/25\\\/matriculas-abertas-para-contraturno\\\/#local-main-organization-logo\"},\"image\":{\"@id\":\"https:\\\/\\\/serstella.com.br\\\/site\\\/2022\\\/07\\\/25\\\/matriculas-abertas-para-contraturno\\\/#local-main-organization-logo\"},\"sameAs\":[\"https:\\\/\\\/www.facebook.com\\\/ser.stella.educ\\\/\",\"https:\\\/\\\/www.instagram.com\\\/ser.stella.educ\\\/\"],\"openingHoursSpecification\":[{\"@type\":\"OpeningHoursSpecification\",\"dayOfWeek\":[\"Sunday\",\"Monday\",\"Tuesday\",\"Wednesday\",\"Thursday\",\"Friday\",\"Saturday\"],\"opens\":\"09:00\",\"closes\":\"17:00\"}]},{\"@type\":\"Person\",\"@id\":\"https:\\\/\\\/serstella.com.br\\\/site\\\/#\\\/schema\\\/person\\\/3105caf4e7d4533526ba9a872ef84078\",\"name\":\"Ser Stella\",\"image\":{\"@type\":\"ImageObject\",\"inLanguage\":\"pt-PT\",\"@id\":\"https:\\\/\\\/secure.gravatar.com\\\/avatar\\\/a96953e5a386d5d19c93a2ac4ff012a7a2cf5135970d819a9e834ce8c0f00b05?s=96&d=mm&r=g\",\"url\":\"https:\\\/\\\/secure.gravatar.com\\\/avatar\\\/a96953e5a386d5d19c93a2ac4ff012a7a2cf5135970d819a9e834ce8c0f00b05?s=96&d=mm&r=g\",\"contentUrl\":\"https:\\\/\\\/secure.gravatar.com\\\/avatar\\\/a96953e5a386d5d19c93a2ac4ff012a7a2cf5135970d819a9e834ce8c0f00b05?s=96&d=mm&r=g\",\"caption\":\"Ser Stella\"},\"sameAs\":[\"https:\\\/\\\/serstella.com.br\\\/site\"],\"url\":\"https:\\\/\\\/serstella.com.br\\\/site\\\/author\\\/s3rst3ll\\\/\"},{\"@type\":\"ImageObject\",\"inLanguage\":\"pt-PT\",\"@id\":\"https:\\\/\\\/serstella.com.br\\\/site\\\/2022\\\/07\\\/25\\\/matriculas-abertas-para-contraturno\\\/#local-main-organization-logo\",\"url\":\"https:\\\/\\\/serstella.com.br\\\/site\\\/wp-content\\\/uploads\\\/2024\\\/10\\\/cropped-IMG-20241031-WA0010.jpg\",\"contentUrl\":\"https:\\\/\\\/serstella.com.br\\\/site\\\/wp-content\\\/uploads\\\/2024\\\/10\\\/cropped-IMG-20241031-WA0010.jpg\",\"width\":512,\"height\":512,\"caption\":\"Centro Educacional Ser Stella\"}]}<\/script>\n<!-- \/ Yoast SEO Premium plugin. -->","yoast_head_json":{"title":"Matr\u00edculas abertas para contraturno - Ser Stella","description":"Matr\u00edculas abertas para segundo semestre 2022 no contraturno no per\u00edodo da tarde, das 13h\u00e0s 18h. Entre em contato (12) 99684-3385","robots":{"index":"index","follow":"follow","max-snippet":"max-snippet:-1","max-image-preview":"max-image-preview:large","max-video-preview":"max-video-preview:-1"},"canonical":"https:\/\/serstella.com.br\/site\/2022\/07\/25\/matriculas-abertas-para-contraturno\/","og_locale":"pt_PT","og_type":"article","og_title":"Matr\u00edculas abertas para contraturno","og_description":"Matr\u00edculas abertas para segundo semestre 2022 no contraturno no per\u00edodo da tarde, das 13h\u00e0s 18h. Entre em contato (12) 99684-3385","og_url":"https:\/\/serstella.com.br\/site\/2022\/07\/25\/matriculas-abertas-para-contraturno\/","og_site_name":"Ser Stella","article_publisher":"https:\/\/www.facebook.com\/ser.stella.educ\/","article_published_time":"2022-07-25T17:37:21+00:00","article_modified_time":"2022-07-25T20:32:52+00:00","og_image":[{"width":960,"height":1280,"url":"https:\/\/serstella.com.br\/site\/wp-content\/uploads\/2022\/06\/PHOTO-2020-12-02-17-21-08.jpg","type":"image\/jpeg"}],"author":"Ser Stella","twitter_card":"summary_large_image","twitter_misc":{"Escrito por":"Ser Stella","Tempo estimado de leitura":"1 minuto"},"schema":{"@context":"https:\/\/schema.org","@graph":[{"@type":"Article","@id":"https:\/\/serstella.com.br\/site\/2022\/07\/25\/matriculas-abertas-para-contraturno\/#article","isPartOf":{"@id":"https:\/\/serstella.com.br\/site\/2022\/07\/25\/matriculas-abertas-para-contraturno\/"},"author":{"name":"Ser Stella","@id":"https:\/\/serstella.com.br\/site\/#\/schema\/person\/3105caf4e7d4533526ba9a872ef84078"},"headline":"Matr\u00edculas abertas para contraturno","datePublished":"2022-07-25T17:37:21+00:00","dateModified":"2022-07-25T20:32:52+00:00","mainEntityOfPage":{"@id":"https:\/\/serstella.com.br\/site\/2022\/07\/25\/matriculas-abertas-para-contraturno\/"},"wordCount":165,"publisher":{"@id":"https:\/\/serstella.com.br\/site\/#organization"},"image":{"@id":"https:\/\/serstella.com.br\/site\/2022\/07\/25\/matriculas-abertas-para-contraturno\/#primaryimage"},"thumbnailUrl":"https:\/\/serstella.com.br\/site\/wp-content\/uploads\/2022\/06\/PHOTO-2020-12-02-17-21-08.jpg","articleSection":["Administrativo","Destaque"],"inLanguage":"pt-PT","copyrightYear":"2022","copyrightHolder":{"@id":"https:\/\/serstella.com.br\/site\/#organization"}},{"@type":"WebPage","@id":"https:\/\/serstella.com.br\/site\/2022\/07\/25\/matriculas-abertas-para-contraturno\/","url":"https:\/\/serstella.com.br\/site\/2022\/07\/25\/matriculas-abertas-para-contraturno\/","name":"Matr\u00edculas abertas para contraturno - Ser Stella","isPartOf":{"@id":"https:\/\/serstella.com.br\/site\/#website"},"primaryImageOfPage":{"@id":"https:\/\/serstella.com.br\/site\/2022\/07\/25\/matriculas-abertas-para-contraturno\/#primaryimage"},"image":{"@id":"https:\/\/serstella.com.br\/site\/2022\/07\/25\/matriculas-abertas-para-contraturno\/#primaryimage"},"thumbnailUrl":"https:\/\/serstella.com.br\/site\/wp-content\/uploads\/2022\/06\/PHOTO-2020-12-02-17-21-08.jpg","datePublished":"2022-07-25T17:37:21+00:00","dateModified":"2022-07-25T20:32:52+00:00","description":"Matr\u00edculas abertas para segundo semestre 2022 no contraturno no per\u00edodo da tarde, das 13h\u00e0s 18h. Entre em contato (12) 99684-3385","breadcrumb":{"@id":"https:\/\/serstella.com.br\/site\/2022\/07\/25\/matriculas-abertas-para-contraturno\/#breadcrumb"},"inLanguage":"pt-PT","potentialAction":[{"@type":"ReadAction","target":["https:\/\/serstella.com.br\/site\/2022\/07\/25\/matriculas-abertas-para-contraturno\/"]}]},{"@type":"ImageObject","inLanguage":"pt-PT","@id":"https:\/\/serstella.com.br\/site\/2022\/07\/25\/matriculas-abertas-para-contraturno\/#primaryimage","url":"https:\/\/serstella.com.br\/site\/wp-content\/uploads\/2022\/06\/PHOTO-2020-12-02-17-21-08.jpg","contentUrl":"https:\/\/serstella.com.br\/site\/wp-content\/uploads\/2022\/06\/PHOTO-2020-12-02-17-21-08.jpg","width":960,"height":1280,"caption":"Crian\u00e7as brincando entre pneus e banco de areia"},{"@type":"BreadcrumbList","@id":"https:\/\/serstella.com.br\/site\/2022\/07\/25\/matriculas-abertas-para-contraturno\/#breadcrumb","itemListElement":[{"@type":"ListItem","position":1,"name":"Home","item":"https:\/\/serstella.com.br\/site\/"},{"@type":"ListItem","position":2,"name":"Matr\u00edculas abertas para contraturno"}]},{"@type":"WebSite","@id":"https:\/\/serstella.com.br\/site\/#website","url":"https:\/\/serstella.com.br\/site\/","name":"Centro Educacional Ser Stella","description":"Site oficial da Escola Ser Stella, localizada em Lorena, SP. Da Educa\u00e7\u00e3o Infantil ao Ensino Fundamental I.","publisher":{"@id":"https:\/\/serstella.com.br\/site\/#organization"},"alternateName":"Ser Stella","potentialAction":[{"@type":"SearchAction","target":{"@type":"EntryPoint","urlTemplate":"https:\/\/serstella.com.br\/site\/?s={search_term_string}"},"query-input":{"@type":"PropertyValueSpecification","valueRequired":true,"valueName":"search_term_string"}}],"inLanguage":"pt-PT"},{"@type":["Organization","Place"],"@id":"https:\/\/serstella.com.br\/site\/#organization","name":"Centro Educacional Ser Stella","url":"https:\/\/serstella.com.br\/site\/","logo":{"@id":"https:\/\/serstella.com.br\/site\/2022\/07\/25\/matriculas-abertas-para-contraturno\/#local-main-organization-logo"},"image":{"@id":"https:\/\/serstella.com.br\/site\/2022\/07\/25\/matriculas-abertas-para-contraturno\/#local-main-organization-logo"},"sameAs":["https:\/\/www.facebook.com\/ser.stella.educ\/","https:\/\/www.instagram.com\/ser.stella.educ\/"],"openingHoursSpecification":[{"@type":"OpeningHoursSpecification","dayOfWeek":["Sunday","Monday","Tuesday","Wednesday","Thursday","Friday","Saturday"],"opens":"09:00","closes":"17:00"}]},{"@type":"Person","@id":"https:\/\/serstella.com.br\/site\/#\/schema\/person\/3105caf4e7d4533526ba9a872ef84078","name":"Ser Stella","image":{"@type":"ImageObject","inLanguage":"pt-PT","@id":"https:\/\/secure.gravatar.com\/avatar\/a96953e5a386d5d19c93a2ac4ff012a7a2cf5135970d819a9e834ce8c0f00b05?s=96&d=mm&r=g","url":"https:\/\/secure.gravatar.com\/avatar\/a96953e5a386d5d19c93a2ac4ff012a7a2cf5135970d819a9e834ce8c0f00b05?s=96&d=mm&r=g","contentUrl":"https:\/\/secure.gravatar.com\/avatar\/a96953e5a386d5d19c93a2ac4ff012a7a2cf5135970d819a9e834ce8c0f00b05?s=96&d=mm&r=g","caption":"Ser Stella"},"sameAs":["https:\/\/serstella.com.br\/site"],"url":"https:\/\/serstella.com.br\/site\/author\/s3rst3ll\/"},{"@type":"ImageObject","inLanguage":"pt-PT","@id":"https:\/\/serstella.com.br\/site\/2022\/07\/25\/matriculas-abertas-para-contraturno\/#local-main-organization-logo","url":"https:\/\/serstella.com.br\/site\/wp-content\/uploads\/2024\/10\/cropped-IMG-20241031-WA0010.jpg","contentUrl":"https:\/\/serstella.com.br\/site\/wp-content\/uploads\/2024\/10\/cropped-IMG-20241031-WA0010.jpg","width":512,"height":512,"caption":"Centro Educacional Ser Stella"}]}},"_links":{"self":[{"href":"https:\/\/serstella.com.br\/site\/wp-json\/wp\/v2\/posts\/4518","targetHints":{"allow":["GET"]}}],"collection":[{"href":"https:\/\/serstella.com.br\/site\/wp-json\/wp\/v2\/posts"}],"about":[{"href":"https:\/\/serstella.com.br\/site\/wp-json\/wp\/v2\/types\/post"}],"author":[{"embeddable":true,"href":"https:\/\/serstella.com.br\/site\/wp-json\/wp\/v2\/users\/1"}],"replies":[{"embeddable":true,"href":"https:\/\/serstella.com.br\/site\/wp-json\/wp\/v2\/comments?post=4518"}],"version-history":[{"count":2,"href":"https:\/\/serstella.com.br\/site\/wp-json\/wp\/v2\/posts\/4518\/revisions"}],"predecessor-version":[{"id":4525,"href":"https:\/\/serstella.com.br\/site\/wp-json\/wp\/v2\/posts\/4518\/revisions\/4525"}],"wp:featuredmedia":[{"embeddable":true,"href":"https:\/\/serstella.com.br\/site\/wp-json\/wp\/v2\/media\/4263"}],"wp:attachment":[{"href":"https:\/\/serstella.com.br\/site\/wp-json\/wp\/v2\/media?parent=4518"}],"wp:term":[{"taxonomy":"category","embeddable":true,"href":"https:\/\/serstella.com.br\/site\/wp-json\/wp\/v2\/categories?post=4518"},{"taxonomy":"post_tag","embeddable":true,"href":"https:\/\/serstella.com.br\/site\/wp-json\/wp\/v2\/tags?post=4518"}],"curies":[{"name":"wp","href":"https:\/\/api.w.org\/{rel}","templated":true}]}}