{"id":1,"date":"2022-07-20T21:09:00","date_gmt":"2022-07-21T00:09:00","guid":{"rendered":"https:\/\/serstella.com.br\/site\/?p=1"},"modified":"2022-07-21T08:54:43","modified_gmt":"2022-07-21T11:54:43","slug":"vaga-estagio-pedagogia","status":"publish","type":"post","link":"https:\/\/serstella.com.br\/site\/2022\/07\/20\/vaga-estagio-pedagogia\/","title":{"rendered":"Vagas de est\u00e1gio em pedagogia"},"content":{"rendered":"\n<p>Estamos com vagas abertas de est\u00e1gio para estudantes de pedagogia, que se identifiquem com pedagogias construtivistas e que trabalham a natureza. \u00c9 uma grande oportunidade de aprendizado na pr\u00e1tica e com muito amor. As entrevistas come\u00e7ar\u00e3o no in\u00edcio de agosto. <\/p>\n\n\n\n<p>Buscamos pessoas que se interessem em aprender a nossa pedagogia, conhecer nossa forma de olhar e escutar as crian\u00e7as.<\/p>\n\n\n\n<p>Nossos pilares s\u00e3o:<\/p>\n\n\n\n<p><a href=\"https:\/\/serstella.com.br\/site\/amor-na-pratica-base-pedagogica\/\">Amor na Pr\u00e1tica<\/a><\/p>\n\n\n\n<p><a href=\"https:\/\/serstella.com.br\/site\/natureza-base-pedagogica\/\">Natureza<\/a><\/p>\n\n\n\n<p><a href=\"https:\/\/serstella.com.br\/site\/autonomia-base-pedagogica\/\">Autonomia<\/a><\/p>\n\n\n\n<p>Se essas bases fazem sentido para a sua trajet\u00f3ria pedag\u00f3gica, entre em <strong>contato conosco pelo celular (12) 99684-3385<\/strong><\/p>\n","protected":false},"excerpt":{"rendered":"<p>Estamos com vagas abertas de est\u00e1gio para estudantes de pedagogia, que se identifiquem com pedagogias construtivistas e que trabalham a natureza. \u00c9 uma grande oportunidade de aprendizado na pr\u00e1tica e com muito amor. As entrevistas come\u00e7ar\u00e3o no in\u00edcio de agosto. Buscamos pessoas que se interessem em aprender a nossa pedagogia, conhecer nossa forma de olhar [&hellip;]<\/p>\n","protected":false},"author":1,"featured_media":4428,"comment_status":"closed","ping_status":"closed","sticky":false,"template":"","format":"standard","meta":{"_et_pb_use_builder":"","_et_pb_old_content":"","_et_gb_content_width":"793","_mi_skip_tracking":false,"footnotes":""},"categories":[12,13],"tags":[],"class_list":["post-1","post","type-post","status-publish","format-standard","has-post-thumbnail","hentry","category-administrativo","category-destaque"],"yoast_head":"<!-- This site is optimized with the Yoast SEO Premium plugin v18.4 (Yoast SEO v27.5) - https:\/\/yoast.com\/product\/yoast-seo-premium-wordpress\/ -->\n<title>Vagas de est\u00e1gio em pedagogia - Ser Stella<\/title>\n<meta name=\"description\" content=\"Vagas abertas para est\u00e1gio de quem cursa pedagogia e se identifica com pedagogias construtivistas. Estamos na cidade de Lorena, S\u00e3o Paulo.\" \/>\n<meta name=\"robots\" content=\"index, follow, max-snippet:-1, max-image-preview:large, max-video-preview:-1\" \/>\n<link rel=\"canonical\" href=\"https:\/\/serstella.com.br\/site\/2022\/07\/20\/vaga-estagio-pedagogia\/\" \/>\n<meta property=\"og:locale\" content=\"pt_PT\" \/>\n<meta property=\"og:type\" content=\"article\" \/>\n<meta property=\"og:title\" content=\"Vagas de est\u00e1gio em pedagogia\" \/>\n<meta property=\"og:description\" content=\"Vagas abertas para est\u00e1gio de quem cursa pedagogia e se identifica com pedagogias construtivistas. Estamos na cidade de Lorena, S\u00e3o Paulo.\" \/>\n<meta property=\"og:url\" content=\"https:\/\/serstella.com.br\/site\/2022\/07\/20\/vaga-estagio-pedagogia\/\" \/>\n<meta property=\"og:site_name\" content=\"Ser Stella\" \/>\n<meta property=\"article:publisher\" content=\"https:\/\/www.facebook.com\/ser.stella.educ\/\" \/>\n<meta property=\"article:published_time\" content=\"2022-07-21T00:09:00+00:00\" \/>\n<meta property=\"article:modified_time\" content=\"2022-07-21T11:54:43+00:00\" \/>\n<meta property=\"og:image\" content=\"https:\/\/serstella.com.br\/site\/wp-content\/uploads\/2022\/07\/PHOTO-2021-02-03-22-16-12.jpg\" \/>\n\t<meta property=\"og:image:width\" content=\"1280\" \/>\n\t<meta property=\"og:image:height\" content=\"960\" \/>\n\t<meta property=\"og:image:type\" content=\"image\/jpeg\" \/>\n<meta name=\"author\" content=\"Ser Stella\" \/>\n<meta name=\"twitter:card\" content=\"summary_large_image\" \/>\n<meta name=\"twitter:label1\" content=\"Escrito por\" \/>\n\t<meta name=\"twitter:data1\" content=\"Ser Stella\" \/>\n\t<meta name=\"twitter:label2\" content=\"Tempo estimado de leitura\" \/>\n\t<meta name=\"twitter:data2\" content=\"1 minuto\" \/>\n<script type=\"application\/ld+json\" class=\"yoast-schema-graph\">{\"@context\":\"https:\\\/\\\/schema.org\",\"@graph\":[{\"@type\":\"Article\",\"@id\":\"https:\\\/\\\/serstella.com.br\\\/site\\\/2022\\\/07\\\/20\\\/vaga-estagio-pedagogia\\\/#article\",\"isPartOf\":{\"@id\":\"https:\\\/\\\/serstella.com.br\\\/site\\\/2022\\\/07\\\/20\\\/vaga-estagio-pedagogia\\\/\"},\"author\":{\"name\":\"Ser Stella\",\"@id\":\"https:\\\/\\\/serstella.com.br\\\/site\\\/#\\\/schema\\\/person\\\/3105caf4e7d4533526ba9a872ef84078\"},\"headline\":\"Vagas de est\u00e1gio em pedagogia\",\"datePublished\":\"2022-07-21T00:09:00+00:00\",\"dateModified\":\"2022-07-21T11:54:43+00:00\",\"mainEntityOfPage\":{\"@id\":\"https:\\\/\\\/serstella.com.br\\\/site\\\/2022\\\/07\\\/20\\\/vaga-estagio-pedagogia\\\/\"},\"wordCount\":99,\"publisher\":{\"@id\":\"https:\\\/\\\/serstella.com.br\\\/site\\\/#organization\"},\"image\":{\"@id\":\"https:\\\/\\\/serstella.com.br\\\/site\\\/2022\\\/07\\\/20\\\/vaga-estagio-pedagogia\\\/#primaryimage\"},\"thumbnailUrl\":\"https:\\\/\\\/serstella.com.br\\\/site\\\/wp-content\\\/uploads\\\/2022\\\/07\\\/PHOTO-2021-02-03-22-16-12.jpg\",\"articleSection\":[\"Administrativo\",\"Destaque\"],\"inLanguage\":\"pt-PT\",\"copyrightYear\":\"2022\",\"copyrightHolder\":{\"@id\":\"https:\\\/\\\/serstella.com.br\\\/site\\\/#organization\"}},{\"@type\":\"WebPage\",\"@id\":\"https:\\\/\\\/serstella.com.br\\\/site\\\/2022\\\/07\\\/20\\\/vaga-estagio-pedagogia\\\/\",\"url\":\"https:\\\/\\\/serstella.com.br\\\/site\\\/2022\\\/07\\\/20\\\/vaga-estagio-pedagogia\\\/\",\"name\":\"Vagas de est\u00e1gio em pedagogia - Ser Stella\",\"isPartOf\":{\"@id\":\"https:\\\/\\\/serstella.com.br\\\/site\\\/#website\"},\"primaryImageOfPage\":{\"@id\":\"https:\\\/\\\/serstella.com.br\\\/site\\\/2022\\\/07\\\/20\\\/vaga-estagio-pedagogia\\\/#primaryimage\"},\"image\":{\"@id\":\"https:\\\/\\\/serstella.com.br\\\/site\\\/2022\\\/07\\\/20\\\/vaga-estagio-pedagogia\\\/#primaryimage\"},\"thumbnailUrl\":\"https:\\\/\\\/serstella.com.br\\\/site\\\/wp-content\\\/uploads\\\/2022\\\/07\\\/PHOTO-2021-02-03-22-16-12.jpg\",\"datePublished\":\"2022-07-21T00:09:00+00:00\",\"dateModified\":\"2022-07-21T11:54:43+00:00\",\"description\":\"Vagas abertas para est\u00e1gio de quem cursa pedagogia e se identifica com pedagogias construtivistas. Estamos na cidade de Lorena, S\u00e3o Paulo.\",\"breadcrumb\":{\"@id\":\"https:\\\/\\\/serstella.com.br\\\/site\\\/2022\\\/07\\\/20\\\/vaga-estagio-pedagogia\\\/#breadcrumb\"},\"inLanguage\":\"pt-PT\",\"potentialAction\":[{\"@type\":\"ReadAction\",\"target\":[\"https:\\\/\\\/serstella.com.br\\\/site\\\/2022\\\/07\\\/20\\\/vaga-estagio-pedagogia\\\/\"]}]},{\"@type\":\"ImageObject\",\"inLanguage\":\"pt-PT\",\"@id\":\"https:\\\/\\\/serstella.com.br\\\/site\\\/2022\\\/07\\\/20\\\/vaga-estagio-pedagogia\\\/#primaryimage\",\"url\":\"https:\\\/\\\/serstella.com.br\\\/site\\\/wp-content\\\/uploads\\\/2022\\\/07\\\/PHOTO-2021-02-03-22-16-12.jpg\",\"contentUrl\":\"https:\\\/\\\/serstella.com.br\\\/site\\\/wp-content\\\/uploads\\\/2022\\\/07\\\/PHOTO-2021-02-03-22-16-12.jpg\",\"width\":1280,\"height\":960},{\"@type\":\"BreadcrumbList\",\"@id\":\"https:\\\/\\\/serstella.com.br\\\/site\\\/2022\\\/07\\\/20\\\/vaga-estagio-pedagogia\\\/#breadcrumb\",\"itemListElement\":[{\"@type\":\"ListItem\",\"position\":1,\"name\":\"Home\",\"item\":\"https:\\\/\\\/serstella.com.br\\\/site\\\/\"},{\"@type\":\"ListItem\",\"position\":2,\"name\":\"Vagas de est\u00e1gio em pedagogia\"}]},{\"@type\":\"WebSite\",\"@id\":\"https:\\\/\\\/serstella.com.br\\\/site\\\/#website\",\"url\":\"https:\\\/\\\/serstella.com.br\\\/site\\\/\",\"name\":\"Centro Educacional Ser Stella\",\"description\":\"Site oficial da Escola Ser Stella, localizada em Lorena, SP. Da Educa\u00e7\u00e3o Infantil ao Ensino Fundamental I.\",\"publisher\":{\"@id\":\"https:\\\/\\\/serstella.com.br\\\/site\\\/#organization\"},\"alternateName\":\"Ser Stella\",\"potentialAction\":[{\"@type\":\"SearchAction\",\"target\":{\"@type\":\"EntryPoint\",\"urlTemplate\":\"https:\\\/\\\/serstella.com.br\\\/site\\\/?s={search_term_string}\"},\"query-input\":{\"@type\":\"PropertyValueSpecification\",\"valueRequired\":true,\"valueName\":\"search_term_string\"}}],\"inLanguage\":\"pt-PT\"},{\"@type\":[\"Organization\",\"Place\"],\"@id\":\"https:\\\/\\\/serstella.com.br\\\/site\\\/#organization\",\"name\":\"Centro Educacional Ser Stella\",\"url\":\"https:\\\/\\\/serstella.com.br\\\/site\\\/\",\"logo\":{\"@id\":\"https:\\\/\\\/serstella.com.br\\\/site\\\/2022\\\/07\\\/20\\\/vaga-estagio-pedagogia\\\/#local-main-organization-logo\"},\"image\":{\"@id\":\"https:\\\/\\\/serstella.com.br\\\/site\\\/2022\\\/07\\\/20\\\/vaga-estagio-pedagogia\\\/#local-main-organization-logo\"},\"sameAs\":[\"https:\\\/\\\/www.facebook.com\\\/ser.stella.educ\\\/\",\"https:\\\/\\\/www.instagram.com\\\/ser.stella.educ\\\/\"],\"openingHoursSpecification\":[{\"@type\":\"OpeningHoursSpecification\",\"dayOfWeek\":[\"Sunday\",\"Monday\",\"Tuesday\",\"Wednesday\",\"Thursday\",\"Friday\",\"Saturday\"],\"opens\":\"09:00\",\"closes\":\"17:00\"}]},{\"@type\":\"Person\",\"@id\":\"https:\\\/\\\/serstella.com.br\\\/site\\\/#\\\/schema\\\/person\\\/3105caf4e7d4533526ba9a872ef84078\",\"name\":\"Ser Stella\",\"image\":{\"@type\":\"ImageObject\",\"inLanguage\":\"pt-PT\",\"@id\":\"https:\\\/\\\/secure.gravatar.com\\\/avatar\\\/a96953e5a386d5d19c93a2ac4ff012a7a2cf5135970d819a9e834ce8c0f00b05?s=96&d=mm&r=g\",\"url\":\"https:\\\/\\\/secure.gravatar.com\\\/avatar\\\/a96953e5a386d5d19c93a2ac4ff012a7a2cf5135970d819a9e834ce8c0f00b05?s=96&d=mm&r=g\",\"contentUrl\":\"https:\\\/\\\/secure.gravatar.com\\\/avatar\\\/a96953e5a386d5d19c93a2ac4ff012a7a2cf5135970d819a9e834ce8c0f00b05?s=96&d=mm&r=g\",\"caption\":\"Ser Stella\"},\"sameAs\":[\"https:\\\/\\\/serstella.com.br\\\/site\"],\"url\":\"https:\\\/\\\/serstella.com.br\\\/site\\\/author\\\/s3rst3ll\\\/\"},{\"@type\":\"ImageObject\",\"inLanguage\":\"pt-PT\",\"@id\":\"https:\\\/\\\/serstella.com.br\\\/site\\\/2022\\\/07\\\/20\\\/vaga-estagio-pedagogia\\\/#local-main-organization-logo\",\"url\":\"https:\\\/\\\/serstella.com.br\\\/site\\\/wp-content\\\/uploads\\\/2024\\\/10\\\/cropped-IMG-20241031-WA0010.jpg\",\"contentUrl\":\"https:\\\/\\\/serstella.com.br\\\/site\\\/wp-content\\\/uploads\\\/2024\\\/10\\\/cropped-IMG-20241031-WA0010.jpg\",\"width\":512,\"height\":512,\"caption\":\"Centro Educacional Ser Stella\"}]}<\/script>\n<!-- \/ Yoast SEO Premium plugin. -->","yoast_head_json":{"title":"Vagas de est\u00e1gio em pedagogia - Ser Stella","description":"Vagas abertas para est\u00e1gio de quem cursa pedagogia e se identifica com pedagogias construtivistas. Estamos na cidade de Lorena, S\u00e3o Paulo.","robots":{"index":"index","follow":"follow","max-snippet":"max-snippet:-1","max-image-preview":"max-image-preview:large","max-video-preview":"max-video-preview:-1"},"canonical":"https:\/\/serstella.com.br\/site\/2022\/07\/20\/vaga-estagio-pedagogia\/","og_locale":"pt_PT","og_type":"article","og_title":"Vagas de est\u00e1gio em pedagogia","og_description":"Vagas abertas para est\u00e1gio de quem cursa pedagogia e se identifica com pedagogias construtivistas. Estamos na cidade de Lorena, S\u00e3o Paulo.","og_url":"https:\/\/serstella.com.br\/site\/2022\/07\/20\/vaga-estagio-pedagogia\/","og_site_name":"Ser Stella","article_publisher":"https:\/\/www.facebook.com\/ser.stella.educ\/","article_published_time":"2022-07-21T00:09:00+00:00","article_modified_time":"2022-07-21T11:54:43+00:00","og_image":[{"width":1280,"height":960,"url":"https:\/\/serstella.com.br\/site\/wp-content\/uploads\/2022\/07\/PHOTO-2021-02-03-22-16-12.jpg","type":"image\/jpeg"}],"author":"Ser Stella","twitter_card":"summary_large_image","twitter_misc":{"Escrito por":"Ser Stella","Tempo estimado de leitura":"1 minuto"},"schema":{"@context":"https:\/\/schema.org","@graph":[{"@type":"Article","@id":"https:\/\/serstella.com.br\/site\/2022\/07\/20\/vaga-estagio-pedagogia\/#article","isPartOf":{"@id":"https:\/\/serstella.com.br\/site\/2022\/07\/20\/vaga-estagio-pedagogia\/"},"author":{"name":"Ser Stella","@id":"https:\/\/serstella.com.br\/site\/#\/schema\/person\/3105caf4e7d4533526ba9a872ef84078"},"headline":"Vagas de est\u00e1gio em pedagogia","datePublished":"2022-07-21T00:09:00+00:00","dateModified":"2022-07-21T11:54:43+00:00","mainEntityOfPage":{"@id":"https:\/\/serstella.com.br\/site\/2022\/07\/20\/vaga-estagio-pedagogia\/"},"wordCount":99,"publisher":{"@id":"https:\/\/serstella.com.br\/site\/#organization"},"image":{"@id":"https:\/\/serstella.com.br\/site\/2022\/07\/20\/vaga-estagio-pedagogia\/#primaryimage"},"thumbnailUrl":"https:\/\/serstella.com.br\/site\/wp-content\/uploads\/2022\/07\/PHOTO-2021-02-03-22-16-12.jpg","articleSection":["Administrativo","Destaque"],"inLanguage":"pt-PT","copyrightYear":"2022","copyrightHolder":{"@id":"https:\/\/serstella.com.br\/site\/#organization"}},{"@type":"WebPage","@id":"https:\/\/serstella.com.br\/site\/2022\/07\/20\/vaga-estagio-pedagogia\/","url":"https:\/\/serstella.com.br\/site\/2022\/07\/20\/vaga-estagio-pedagogia\/","name":"Vagas de est\u00e1gio em pedagogia - Ser Stella","isPartOf":{"@id":"https:\/\/serstella.com.br\/site\/#website"},"primaryImageOfPage":{"@id":"https:\/\/serstella.com.br\/site\/2022\/07\/20\/vaga-estagio-pedagogia\/#primaryimage"},"image":{"@id":"https:\/\/serstella.com.br\/site\/2022\/07\/20\/vaga-estagio-pedagogia\/#primaryimage"},"thumbnailUrl":"https:\/\/serstella.com.br\/site\/wp-content\/uploads\/2022\/07\/PHOTO-2021-02-03-22-16-12.jpg","datePublished":"2022-07-21T00:09:00+00:00","dateModified":"2022-07-21T11:54:43+00:00","description":"Vagas abertas para est\u00e1gio de quem cursa pedagogia e se identifica com pedagogias construtivistas. Estamos na cidade de Lorena, S\u00e3o Paulo.","breadcrumb":{"@id":"https:\/\/serstella.com.br\/site\/2022\/07\/20\/vaga-estagio-pedagogia\/#breadcrumb"},"inLanguage":"pt-PT","potentialAction":[{"@type":"ReadAction","target":["https:\/\/serstella.com.br\/site\/2022\/07\/20\/vaga-estagio-pedagogia\/"]}]},{"@type":"ImageObject","inLanguage":"pt-PT","@id":"https:\/\/serstella.com.br\/site\/2022\/07\/20\/vaga-estagio-pedagogia\/#primaryimage","url":"https:\/\/serstella.com.br\/site\/wp-content\/uploads\/2022\/07\/PHOTO-2021-02-03-22-16-12.jpg","contentUrl":"https:\/\/serstella.com.br\/site\/wp-content\/uploads\/2022\/07\/PHOTO-2021-02-03-22-16-12.jpg","width":1280,"height":960},{"@type":"BreadcrumbList","@id":"https:\/\/serstella.com.br\/site\/2022\/07\/20\/vaga-estagio-pedagogia\/#breadcrumb","itemListElement":[{"@type":"ListItem","position":1,"name":"Home","item":"https:\/\/serstella.com.br\/site\/"},{"@type":"ListItem","position":2,"name":"Vagas de est\u00e1gio em pedagogia"}]},{"@type":"WebSite","@id":"https:\/\/serstella.com.br\/site\/#website","url":"https:\/\/serstella.com.br\/site\/","name":"Centro Educacional Ser Stella","description":"Site oficial da Escola Ser Stella, localizada em Lorena, SP. Da Educa\u00e7\u00e3o Infantil ao Ensino Fundamental I.","publisher":{"@id":"https:\/\/serstella.com.br\/site\/#organization"},"alternateName":"Ser Stella","potentialAction":[{"@type":"SearchAction","target":{"@type":"EntryPoint","urlTemplate":"https:\/\/serstella.com.br\/site\/?s={search_term_string}"},"query-input":{"@type":"PropertyValueSpecification","valueRequired":true,"valueName":"search_term_string"}}],"inLanguage":"pt-PT"},{"@type":["Organization","Place"],"@id":"https:\/\/serstella.com.br\/site\/#organization","name":"Centro Educacional Ser Stella","url":"https:\/\/serstella.com.br\/site\/","logo":{"@id":"https:\/\/serstella.com.br\/site\/2022\/07\/20\/vaga-estagio-pedagogia\/#local-main-organization-logo"},"image":{"@id":"https:\/\/serstella.com.br\/site\/2022\/07\/20\/vaga-estagio-pedagogia\/#local-main-organization-logo"},"sameAs":["https:\/\/www.facebook.com\/ser.stella.educ\/","https:\/\/www.instagram.com\/ser.stella.educ\/"],"openingHoursSpecification":[{"@type":"OpeningHoursSpecification","dayOfWeek":["Sunday","Monday","Tuesday","Wednesday","Thursday","Friday","Saturday"],"opens":"09:00","closes":"17:00"}]},{"@type":"Person","@id":"https:\/\/serstella.com.br\/site\/#\/schema\/person\/3105caf4e7d4533526ba9a872ef84078","name":"Ser Stella","image":{"@type":"ImageObject","inLanguage":"pt-PT","@id":"https:\/\/secure.gravatar.com\/avatar\/a96953e5a386d5d19c93a2ac4ff012a7a2cf5135970d819a9e834ce8c0f00b05?s=96&d=mm&r=g","url":"https:\/\/secure.gravatar.com\/avatar\/a96953e5a386d5d19c93a2ac4ff012a7a2cf5135970d819a9e834ce8c0f00b05?s=96&d=mm&r=g","contentUrl":"https:\/\/secure.gravatar.com\/avatar\/a96953e5a386d5d19c93a2ac4ff012a7a2cf5135970d819a9e834ce8c0f00b05?s=96&d=mm&r=g","caption":"Ser Stella"},"sameAs":["https:\/\/serstella.com.br\/site"],"url":"https:\/\/serstella.com.br\/site\/author\/s3rst3ll\/"},{"@type":"ImageObject","inLanguage":"pt-PT","@id":"https:\/\/serstella.com.br\/site\/2022\/07\/20\/vaga-estagio-pedagogia\/#local-main-organization-logo","url":"https:\/\/serstella.com.br\/site\/wp-content\/uploads\/2024\/10\/cropped-IMG-20241031-WA0010.jpg","contentUrl":"https:\/\/serstella.com.br\/site\/wp-content\/uploads\/2024\/10\/cropped-IMG-20241031-WA0010.jpg","width":512,"height":512,"caption":"Centro Educacional Ser Stella"}]}},"_links":{"self":[{"href":"https:\/\/serstella.com.br\/site\/wp-json\/wp\/v2\/posts\/1","targetHints":{"allow":["GET"]}}],"collection":[{"href":"https:\/\/serstella.com.br\/site\/wp-json\/wp\/v2\/posts"}],"about":[{"href":"https:\/\/serstella.com.br\/site\/wp-json\/wp\/v2\/types\/post"}],"author":[{"embeddable":true,"href":"https:\/\/serstella.com.br\/site\/wp-json\/wp\/v2\/users\/1"}],"replies":[{"embeddable":true,"href":"https:\/\/serstella.com.br\/site\/wp-json\/wp\/v2\/comments?post=1"}],"version-history":[{"count":2,"href":"https:\/\/serstella.com.br\/site\/wp-json\/wp\/v2\/posts\/1\/revisions"}],"predecessor-version":[{"id":4478,"href":"https:\/\/serstella.com.br\/site\/wp-json\/wp\/v2\/posts\/1\/revisions\/4478"}],"wp:featuredmedia":[{"embeddable":true,"href":"https:\/\/serstella.com.br\/site\/wp-json\/wp\/v2\/media\/4428"}],"wp:attachment":[{"href":"https:\/\/serstella.com.br\/site\/wp-json\/wp\/v2\/media?parent=1"}],"wp:term":[{"taxonomy":"category","embeddable":true,"href":"https:\/\/serstella.com.br\/site\/wp-json\/wp\/v2\/categories?post=1"},{"taxonomy":"post_tag","embeddable":true,"href":"https:\/\/serstella.com.br\/site\/wp-json\/wp\/v2\/tags?post=1"}],"curies":[{"name":"wp","href":"https:\/\/api.w.org\/{rel}","templated":true}]}}